{"id":10564,"date":"2024-11-25T15:33:50","date_gmt":"2024-11-25T15:33:50","guid":{"rendered":"https:\/\/kids-on-ski.com\/?p=10564"},"modified":"2024-11-25T15:33:53","modified_gmt":"2024-11-25T15:33:53","slug":"wintersport-der-zukunft-medientag-in-gurgl-setzt-klare-kursmarken","status":"publish","type":"post","link":"https:\/\/kids-on-ski.com\/de\/wintersport-der-zukunft-medientag-in-gurgl-setzt-klare-kursmarken\/","title":{"rendered":"Wintersport der Zukunft: Medientag in Gurgl setzt klare Kursmarken"},"content":{"rendered":"\n<p>Wir m\u00fcssen den Winter nicht neu erfinden, aber uns an neue Rahmenbedingungen anpassen \u2013 so lautete der Tenor spannender Mediendiskussionen, die im Vorfeld der Weltcuprennen im Kongresszentrum Carat in Gurgl\/\u00d6tztal stattfanden. Der Kurs f\u00fcr den Wintersport sei l\u00e4ngst gesteckt und bewege sich zwischen Innovation, Nachhaltigkeit und der ewigen Emotion f\u00fcr den Wintersport. Rechtzeitig zu den zukunftstr\u00e4chtigen Debatten setzte im \u00d6tztaler Gurgl auch der Schneefall ein und sorgte damit f\u00fcr perfekte Bedingungen f\u00fcr das kommende Rennwochenende.<\/p>\n\n\n\n<p>Der Medientag stand ganz im Zeichen des Wandels und versammelte Expert:innen zu TV-Diskussionsrunden und Podcasts mit f\u00fchrenden Medien wie ORF Sport +, der Tiroler Tageszeitung, der gr\u00f6\u00dften deutschen Wetterplattform wetter.com und dem 4GAMECHANGERS-Format von Joyn. Unter dem Motto \u201eDer Wintersport kann Zukunft\u201c widmeten sich die prominenten G\u00e4ste den Herausforderungen des Wintersports: vom Klimawandel \u00fcber gesellschaftliche Ver\u00e4nderungen bis hin zu den Perspektiven f\u00fcr den alpinen Rennsport. Dabei wurde deutlich: Die Zukunft des Wintersports erfordere kreative L\u00f6sungen, mutige Innovationen und einen klaren Kurs in Richtung Nachhaltigkeit.<\/p>\n\n\n\n<h2 class=\"wp-block-heading\">Es geht um nachhaltige Strategien und Adaptionen<\/h2>\n\n\n\n<p>Hubert Siller (MCI-Tourismus) stellte klar: \u201eDie Erderw\u00e4rmung ist Fakt, allerdings werden wir auch in Zukunft noch Skifahren k\u00f6nnen. Es geht also nicht darum den Winter neu zu erfinden, sondern um einen technologischen Wandel, um nachhaltige Strategien und um Adaptionen.\u201c Die aktuelle Bergsportstudie habe gezeigt, dass es zahlreiche Schnee-Experten gibt, die mehr als 10-mal in der Saison am Ski stehen. Daneben gebe es ein gro\u00dfes Potenzial von Menschen, die sich gerne bewegen, f\u00fcr die aber aktive Erholung, Entspannung und Naturerlebnis im Vordergrund stehen.<\/p>\n\n\n\n<p>Schon die Auftaktdiskussion in Obergurgl &nbsp;mit Hubert Siller (MCI-Tourismus), Thomas Schroll (Freizeitticket Tirol), Lena \u00d6ller (Protect Our Winters), Karin Seiler (Gesch\u00e4ftsf\u00fchrerin der Tirol Werbung) und dem ehemaligen Skirennl\u00e4ufer Thomas Dre\u00dfen \u00fcber die Auswirkungen des Klimawandels und notwendige Anpassungen der Branche brachte die Standpunkte der Expert:innen auf den Punkt: \u201eWir m\u00fcssen uns der Realit\u00e4t stellen und den Wintersport zukunftsf\u00e4hig machen \u2013 bevor der Winter uns davonl\u00e4uft\u201c.&nbsp;<\/p>\n\n\n\n<p>Die weiterhin bestehende gro\u00dfe Anziehungskraft des Wintersports stellte Karin Seiler ins Rampenlicht: \u201e84 Prozent der Tiroler Winterg\u00e4ste suchen den aktiven Wintersporturlaub.\u201c Skifahren bleibe damit weiterhin das mit Abstand wichtigste Urlaubsmotiv, wobei Genuss, Regeneration und Kulinarik an Bedeutung gewinnen. Das in der Tirol Werbung entwickelte Preis- und Buchungsmonitoring zeige derzeit sogar ein kleines Nachfrageplus gegen\u00fcber dem vergangenen Winter. \u201eAuch bei den Einheimischen bleibt der Wintersport beliebt. Der Absatz der Verbundkarten wie dem Freizeitticket Tirol sei heuer sogar noch gestiegen&#8221;, betonte auch Thomas Schroll.&nbsp;<\/p>\n\n\n\n<p>Mit Blick auf den Klima- und Gesellschaftswandel hat die Tourismusbranche jedoch bereits auf vielen Ebenen Anpassungsleistungen erbracht. Gemeinsame Bem\u00fchungen in Richtung Nachhaltigkeit sind gro\u00df, Initiativen zahlreich: Tirol auf Schiene, Regionen wie Seefeld und Kufstein tragen das \u00d6sterreichische Umweltzeichen, Tiroler Seilbahnen arbeiten mit \u00d6kostrom.<\/p>\n\n\n\n<p>Und quer durch alle Diskussionen wurde deutlich: Der Schl\u00fcssel f\u00fcr eine \u00f6kologische Weiterentwicklung liegt in der Mobilit\u00e4t, denn die Emissionen von An- und Abreise verursachen 70% der Emissionen \u2013 umgelegt auf einen gesamten Skitag.<\/p>\n\n\n\n<p>Daher, so Seiler, forcieren wir \u201eTirol auf Schiene\u201c. Aber der \u00f6ffentliche Verkehr m\u00fcsse k\u00fcnftig noch viel bequemer nutzbar gemacht, Produkt, Dienstleistung und Infrastruktur verbessert werden.&nbsp;<\/p>\n\n\n\n<h2 class=\"wp-block-heading\"><strong>Wenn Innovation auf Nachhaltigkeit trifft<\/strong><\/h2>\n\n\n\n<p>Im Anschluss trafen sich Expert:innen und Vision\u00e4r:innen im Joyn 4GAMECHANGERS TV-Studio, um die Zukunft des Wintersports unter dem Fokus von \u201eInnovation und Nachhaltigkeit\u201c zu diskutieren. Moderatorin Verena Schneider steuerte das Gespr\u00e4ch durch spannende Themen rund um technologische Neuerungen, nachhaltige Ressourcennutzung und zukunftsf\u00e4hige L\u00f6sungen f\u00fcr den alpinen Skisport. Zu den G\u00e4sten z\u00e4hlten Roswitha Stadlober (\u00d6SV-Pr\u00e4sidentin), Theresa Haid (Touristikerin und Nachhaltigkeitsexpertin), Benjamin Kneisl (Obmann \u00d6tztal Tourismus und Vorstandsvorsitzender Verband der Tiroler Tourismusverb\u00e4nde), Thomas Dre\u00dfen und Michi Freymann (SPURart Profi Selfmade-Ski).<\/p>\n\n\n\n<h2 class=\"wp-block-heading\"><strong>Begeisterung f\u00fcr Wintersport bei Familien entfachen<\/strong><\/h2>\n\n\n\n<p>Der wetter.com-Podcast mit dem Titel \u201eZwischen Wetterkapriolen und Preiskampf \u2013 Wie leistbar ist Wintersport heute?\u201c widmete sich den finanziellen Herausforderungen des Wintersports. Moderatorin Daniela Kreck (wetter.com) und ihre G\u00e4ste, darunter Michaela Burger (Bergbahnen Hoch\u00f6tz), Reinhard Klier (Seilbahnsprecher Tirol), Mike Partel (Initiator KIDS ON SKI), Denise Seiling (Meteorologin wetter.com) und Lena \u00d6ller (Protect Our Winters), diskutierten, wie sich steigende Kosten f\u00fcr Skip\u00e4sse, Ausr\u00fcstung und nachhaltige Infrastruktur auf die Zug\u00e4nglichkeit des Wintersports auswirken. Auch hier war der Tenor klar: Es m\u00fcsse weiter gelingen, Familien und vor allem Kinder f\u00fcr den Wintersport zu begeistern \u2013 g\u00fcnstige Einstiegsangebote w\u00e4ren hier entscheidend.<\/p>\n\n\n\n<h2 class=\"wp-block-heading\"><strong>\u201eWeltcup-Talk\u201c und spannende Einblicke in die bevorstehende Ski-WM<\/strong><\/h2>\n\n\n\n<p>Der kr\u00f6nende Abschluss des Medientages war der ORF Sport + Talk \u201eDer Wintersport-Talk \u2013 Einblicke in den Ski-Weltcup und Ausblicke auf die Ski-WM in \u00d6sterreich\u201c. Moderator Fred Lentsch begr\u00fc\u00dfte prominente G\u00e4ste wie Mario Stecher (\u00d6SV-Sportdirektor), Alban Scheiber (Gesch\u00e4ftsf\u00fchrer der Hochgurgler Liftgesellschaft, OK-Chef Skiweltcup GURGL), Jack Falkner (Gesch\u00e4ftsf\u00fchrer der Bergbahnen S\u00f6lden und OK-Chef Skiweltcup S\u00d6LDEN), Franziska Gritsch (\u00d6SV-Skirennl\u00e4uferin), Martina Ertl (ehemalige deutsche Skirennl\u00e4uferin) und den norwegischen Ski-Star Aleksander Aamodt Kilde. Die Expert:innen und Skistars gaben spannende Einblicke in die laufende Weltcupsaison und wagten einen Blick auf die kommende Weltmeisterschaft in Salzburg.<br>\u00a0<br><\/p>\n\n\n\n<blockquote class=\"wp-block-quote is-layout-flow wp-block-quote-is-layout-flow\">\n<p>Es sei immer ein emotionales Highlight, wenn sich die Weltelite im \u00d6tztal misst \u2013 die Weltcup-Piste sei in einem absoluten Top-Zustand, freute sich Alban Scheiber, OK-Chef der Rennen im \u00d6tztaler Gurgl.<\/p>\n<\/blockquote>\n\n\n\n<h2 class=\"wp-block-heading\"><strong>Medientag als gelungener Auftakt zu den Weltcup-Rennen in Gurgl<\/strong><\/h2>\n\n\n\n<p>Der Medientag war ein stimmiger Auftakt zu den Weltcup-Rennen in Gurgl und bot wertvolle Impulse und Perspektiven f\u00fcr den Wintersport der Zukunft. Der erfolgreiche Tag setzte damit nicht nur ein sportliches Ausrufezeichen, sondern unterstrich auch die Bedeutung von Innovation und Nachhaltigkeit in einer Branche, die sich stetig neuen Herausforderungen stellen muss.<\/p>\n","protected":false},"excerpt":{"rendered":"<p>Wir m\u00fcssen den Winter nicht neu erfinden, aber uns an neue Rahmenbedingungen anpassen \u2013 so lautete der Tenor spannender Mediendiskussionen, die im Vorfeld der Weltcuprennen im Kongresszentrum Carat in Gurgl\/\u00d6tztal stattfanden. Der Kurs f\u00fcr den Wintersport sei l\u00e4ngst gesteckt und bewege sich zwischen Innovation, Nachhaltigkeit und der ewigen Emotion f\u00fcr den Wintersport. Rechtzeitig zu den [&hellip;]<\/p>\n","protected":false},"author":2,"featured_media":10578,"comment_status":"closed","ping_status":"closed","sticky":false,"template":"","format":"standard","meta":{"_acf_changed":false,"_seopress_robots_primary_cat":"","_seopress_titles_title":"","_seopress_titles_desc":"","_seopress_robots_index":"","footnotes":""},"categories":[1],"tags":[],"class_list":{"0":"post-10564","1":"post","2":"type-post","3":"status-publish","4":"format-standard","5":"has-post-thumbnail","7":"category-unkategorisiert"},"acf":[],"_links":{"self":[{"href":"https:\/\/kids-on-ski.com\/de\/wp-json\/wp\/v2\/posts\/10564","targetHints":{"allow":["GET"]}}],"collection":[{"href":"https:\/\/kids-on-ski.com\/de\/wp-json\/wp\/v2\/posts"}],"about":[{"href":"https:\/\/kids-on-ski.com\/de\/wp-json\/wp\/v2\/types\/post"}],"author":[{"embeddable":true,"href":"https:\/\/kids-on-ski.com\/de\/wp-json\/wp\/v2\/users\/2"}],"replies":[{"embeddable":true,"href":"https:\/\/kids-on-ski.com\/de\/wp-json\/wp\/v2\/comments?post=10564"}],"version-history":[{"count":1,"href":"https:\/\/kids-on-ski.com\/de\/wp-json\/wp\/v2\/posts\/10564\/revisions"}],"predecessor-version":[{"id":10565,"href":"https:\/\/kids-on-ski.com\/de\/wp-json\/wp\/v2\/posts\/10564\/revisions\/10565"}],"wp:featuredmedia":[{"embeddable":true,"href":"https:\/\/kids-on-ski.com\/de\/wp-json\/wp\/v2\/media\/10578"}],"wp:attachment":[{"href":"https:\/\/kids-on-ski.com\/de\/wp-json\/wp\/v2\/media?parent=10564"}],"wp:term":[{"taxonomy":"category","embeddable":true,"href":"https:\/\/kids-on-ski.com\/de\/wp-json\/wp\/v2\/categories?post=10564"},{"taxonomy":"post_tag","embeddable":true,"href":"https:\/\/kids-on-ski.com\/de\/wp-json\/wp\/v2\/tags?post=10564"}],"curies":[{"name":"wp","href":"https:\/\/api.w.org\/{rel}","templated":true}]}}